{"id":881,"date":"2025-05-14T12:27:28","date_gmt":"2025-05-14T11:27:28","guid":{"rendered":"https:\/\/www.tuautoescuelaenvillanueva.es\/?p=881"},"modified":"2025-05-14T12:27:28","modified_gmt":"2025-05-14T11:27:28","slug":"fiestas-de-villanueva-de-gallego-2025","status":"publish","type":"post","link":"https:\/\/tuautoescuelaenvillanueva.es\/fr\/2025\/05\/14\/fiestas-de-villanueva-de-gallego-2025\/","title":{"rendered":"\u00a1Feliz San Isidro 2025!"},"content":{"rendered":"<p>Todo el equipo de Autoescuela Villanueva os desea unas fiestas llenas de alegr\u00eda, buena compa\u00f1\u00eda y momentos inolvidables. Disfruta de todas las actividades y comparte la felicidad con amigos y familiares. \u00a1Que viva San Isidro!<\/p>","protected":false},"excerpt":{"rendered":"<p>Todo el equipo de Autoescuela Villanueva os desea unas fiestas llenas de alegr\u00eda, buena compa\u00f1\u00eda y momentos inolvidables. Disfruta de todas las actividades y comparte  [&#8230;]<\/p>\n","protected":false},"author":8,"featured_media":883,"comment_status":"closed","ping_status":"closed","sticky":false,"template":"","format":"standard","meta":{"footnotes":""},"categories":[18],"tags":[],"class_list":["post-881","post","type-post","status-publish","format-standard","has-post-thumbnail","hentry","category-sin-categoria-es"],"yoast_head":"<!-- This site is optimized with the Yoast SEO plugin v28.3 - https:\/\/yoast.com\/product\/yoast-seo-wordpress\/ -->\n<title>\u00a1Feliz San Isidro 2025! - Autoescuela Villanueva<\/title>\n<meta name=\"description\" content=\"CAP mercanc\u00edas y viajeros 35 horas, f\u00e1cil aparcamiento, en dos fines de semana, descansos programados con almuerzo.\" \/>\n<meta name=\"robots\" content=\"index, follow, max-snippet:-1, max-image-preview:large, max-video-preview:-1\" \/>\n<link rel=\"canonical\" href=\"https:\/\/tuautoescuelaenvillanueva.es\/fr\/2025\/05\/14\/fiestas-de-villanueva-de-gallego-2025\/\" \/>\n<meta property=\"og:locale\" content=\"fr_FR\" \/>\n<meta property=\"og:type\" content=\"article\" \/>\n<meta property=\"og:title\" content=\"\u00a1Feliz San Isidro 2025! - Autoescuela Villanueva\" \/>\n<meta property=\"og:description\" content=\"CAP mercanc\u00edas y viajeros 35 horas, f\u00e1cil aparcamiento, en dos fines de semana, descansos programados con almuerzo.\" \/>\n<meta property=\"og:url\" content=\"https:\/\/tuautoescuelaenvillanueva.es\/fr\/2025\/05\/14\/fiestas-de-villanueva-de-gallego-2025\/\" \/>\n<meta property=\"og:site_name\" content=\"Autoescuela Villanueva\" \/>\n<meta property=\"article:publisher\" content=\"https:\/\/www.facebook.com\/autoescuela.villanueva.5\" \/>\n<meta property=\"article:published_time\" content=\"2025-05-14T11:27:28+00:00\" \/>\n<meta property=\"og:image\" content=\"https:\/\/tuautoescuelaenvillanueva.es\/wp-content\/uploads\/2025\/05\/PROGRAMA-DE-FIESTAS-2025-1024x724-1.jpg\" \/>\n\t<meta property=\"og:image:width\" content=\"1024\" \/>\n\t<meta property=\"og:image:height\" content=\"724\" \/>\n\t<meta property=\"og:image:type\" content=\"image\/jpeg\" \/>\n<meta name=\"author\" content=\"JR\" \/>\n<meta name=\"twitter:card\" content=\"summary_large_image\" \/>\n<meta name=\"twitter:label1\" content=\"\u00c9crit par\" \/>\n\t<meta name=\"twitter:data1\" content=\"JR\" \/>\n\t<meta name=\"twitter:label2\" content=\"Dur\u00e9e de lecture estim\u00e9e\" \/>\n\t<meta name=\"twitter:data2\" content=\"1 minute\" \/>\n<script type=\"application\/ld+json\" class=\"yoast-schema-graph\">{\"@context\":\"https:\\\/\\\/schema.org\",\"@graph\":[{\"@type\":\"Article\",\"@id\":\"https:\\\/\\\/tuautoescuelaenvillanueva.es\\\/2025\\\/05\\\/14\\\/fiestas-de-villanueva-de-gallego-2025\\\/#article\",\"isPartOf\":{\"@id\":\"https:\\\/\\\/tuautoescuelaenvillanueva.es\\\/2025\\\/05\\\/14\\\/fiestas-de-villanueva-de-gallego-2025\\\/\"},\"author\":{\"name\":\"JR\",\"@id\":\"https:\\\/\\\/tuautoescuelaenvillanueva.es\\\/#\\\/schema\\\/person\\\/cf7843d1048ddd949eea46eaa36be442\"},\"headline\":\"\u00a1Feliz San Isidro 2025!\",\"datePublished\":\"2025-05-14T11:27:28+00:00\",\"mainEntityOfPage\":{\"@id\":\"https:\\\/\\\/tuautoescuelaenvillanueva.es\\\/2025\\\/05\\\/14\\\/fiestas-de-villanueva-de-gallego-2025\\\/\"},\"wordCount\":40,\"publisher\":{\"@id\":\"https:\\\/\\\/tuautoescuelaenvillanueva.es\\\/#organization\"},\"image\":{\"@id\":\"https:\\\/\\\/tuautoescuelaenvillanueva.es\\\/2025\\\/05\\\/14\\\/fiestas-de-villanueva-de-gallego-2025\\\/#primaryimage\"},\"thumbnailUrl\":\"https:\\\/\\\/tuautoescuelaenvillanueva.es\\\/wp-content\\\/uploads\\\/2025\\\/05\\\/PROGRAMA-DE-FIESTAS-2025-1024x724-1.jpg\",\"articleSection\":[\"Sin categor\u00eda\"],\"inLanguage\":\"fr-FR\"},{\"@type\":\"WebPage\",\"@id\":\"https:\\\/\\\/tuautoescuelaenvillanueva.es\\\/2025\\\/05\\\/14\\\/fiestas-de-villanueva-de-gallego-2025\\\/\",\"url\":\"https:\\\/\\\/tuautoescuelaenvillanueva.es\\\/2025\\\/05\\\/14\\\/fiestas-de-villanueva-de-gallego-2025\\\/\",\"name\":\"\u00a1Feliz San Isidro 2025! - Autoescuela Villanueva\",\"isPartOf\":{\"@id\":\"https:\\\/\\\/tuautoescuelaenvillanueva.es\\\/#website\"},\"primaryImageOfPage\":{\"@id\":\"https:\\\/\\\/tuautoescuelaenvillanueva.es\\\/2025\\\/05\\\/14\\\/fiestas-de-villanueva-de-gallego-2025\\\/#primaryimage\"},\"image\":{\"@id\":\"https:\\\/\\\/tuautoescuelaenvillanueva.es\\\/2025\\\/05\\\/14\\\/fiestas-de-villanueva-de-gallego-2025\\\/#primaryimage\"},\"thumbnailUrl\":\"https:\\\/\\\/tuautoescuelaenvillanueva.es\\\/wp-content\\\/uploads\\\/2025\\\/05\\\/PROGRAMA-DE-FIESTAS-2025-1024x724-1.jpg\",\"datePublished\":\"2025-05-14T11:27:28+00:00\",\"description\":\"CAP mercanc\u00edas y viajeros 35 horas, f\u00e1cil aparcamiento, en dos fines de semana, descansos programados con almuerzo.\",\"breadcrumb\":{\"@id\":\"https:\\\/\\\/tuautoescuelaenvillanueva.es\\\/2025\\\/05\\\/14\\\/fiestas-de-villanueva-de-gallego-2025\\\/#breadcrumb\"},\"inLanguage\":\"fr-FR\",\"potentialAction\":[{\"@type\":\"ReadAction\",\"target\":[\"https:\\\/\\\/tuautoescuelaenvillanueva.es\\\/2025\\\/05\\\/14\\\/fiestas-de-villanueva-de-gallego-2025\\\/\"]}]},{\"@type\":\"ImageObject\",\"inLanguage\":\"fr-FR\",\"@id\":\"https:\\\/\\\/tuautoescuelaenvillanueva.es\\\/2025\\\/05\\\/14\\\/fiestas-de-villanueva-de-gallego-2025\\\/#primaryimage\",\"url\":\"https:\\\/\\\/tuautoescuelaenvillanueva.es\\\/wp-content\\\/uploads\\\/2025\\\/05\\\/PROGRAMA-DE-FIESTAS-2025-1024x724-1.jpg\",\"contentUrl\":\"https:\\\/\\\/tuautoescuelaenvillanueva.es\\\/wp-content\\\/uploads\\\/2025\\\/05\\\/PROGRAMA-DE-FIESTAS-2025-1024x724-1.jpg\",\"width\":1024,\"height\":724,\"caption\":\"programa fiestas Villanueva de G\u00e1llego\"},{\"@type\":\"BreadcrumbList\",\"@id\":\"https:\\\/\\\/tuautoescuelaenvillanueva.es\\\/2025\\\/05\\\/14\\\/fiestas-de-villanueva-de-gallego-2025\\\/#breadcrumb\",\"itemListElement\":[{\"@type\":\"ListItem\",\"position\":1,\"name\":\"Portada\",\"item\":\"https:\\\/\\\/tuautoescuelaenvillanueva.es\\\/\"},{\"@type\":\"ListItem\",\"position\":2,\"name\":\"\u00a1Feliz San Isidro 2025!\"}]},{\"@type\":\"WebSite\",\"@id\":\"https:\\\/\\\/tuautoescuelaenvillanueva.es\\\/#website\",\"url\":\"https:\\\/\\\/tuautoescuelaenvillanueva.es\\\/\",\"name\":\"Autoescuela Villanueva\",\"description\":\"Autoescuela en VIllanueva de G\u00e1llego | Permisos de conducir autom\u00f3vil en VIllanueva de G\u00e1llego\",\"publisher\":{\"@id\":\"https:\\\/\\\/tuautoescuelaenvillanueva.es\\\/#organization\"},\"potentialAction\":[{\"@type\":\"SearchAction\",\"target\":{\"@type\":\"EntryPoint\",\"urlTemplate\":\"https:\\\/\\\/tuautoescuelaenvillanueva.es\\\/?s={search_term_string}\"},\"query-input\":{\"@type\":\"PropertyValueSpecification\",\"valueRequired\":true,\"valueName\":\"search_term_string\"}}],\"inLanguage\":\"fr-FR\"},{\"@type\":\"Organization\",\"@id\":\"https:\\\/\\\/tuautoescuelaenvillanueva.es\\\/#organization\",\"name\":\"Autoescuela Villanueva\",\"url\":\"https:\\\/\\\/tuautoescuelaenvillanueva.es\\\/\",\"logo\":{\"@type\":\"ImageObject\",\"inLanguage\":\"fr-FR\",\"@id\":\"https:\\\/\\\/tuautoescuelaenvillanueva.es\\\/#\\\/schema\\\/logo\\\/image\\\/\",\"url\":\"https:\\\/\\\/tuautoescuelaenvillanueva.es\\\/wp-content\\\/uploads\\\/2018\\\/10\\\/logo-400.jpg\",\"contentUrl\":\"https:\\\/\\\/tuautoescuelaenvillanueva.es\\\/wp-content\\\/uploads\\\/2018\\\/10\\\/logo-400.jpg\",\"width\":416,\"height\":121,\"caption\":\"Autoescuela Villanueva\"},\"image\":{\"@id\":\"https:\\\/\\\/tuautoescuelaenvillanueva.es\\\/#\\\/schema\\\/logo\\\/image\\\/\"},\"sameAs\":[\"https:\\\/\\\/www.facebook.com\\\/autoescuela.villanueva.5\"]},{\"@type\":\"Person\",\"@id\":\"https:\\\/\\\/tuautoescuelaenvillanueva.es\\\/#\\\/schema\\\/person\\\/cf7843d1048ddd949eea46eaa36be442\",\"name\":\"JR\",\"image\":{\"@type\":\"ImageObject\",\"inLanguage\":\"fr-FR\",\"@id\":\"https:\\\/\\\/secure.gravatar.com\\\/avatar\\\/5c1c2780c13bd7bd2b05ee4988a4de4880089a33a1af11a260d62fca19c9d631?s=96&d=mm&r=g\",\"url\":\"https:\\\/\\\/secure.gravatar.com\\\/avatar\\\/5c1c2780c13bd7bd2b05ee4988a4de4880089a33a1af11a260d62fca19c9d631?s=96&d=mm&r=g\",\"contentUrl\":\"https:\\\/\\\/secure.gravatar.com\\\/avatar\\\/5c1c2780c13bd7bd2b05ee4988a4de4880089a33a1af11a260d62fca19c9d631?s=96&d=mm&r=g\",\"caption\":\"JR\"}}]}<\/script>\n<!-- \/ Yoast SEO plugin. -->","yoast_head_json":{"title":"\u00a1Feliz San Isidro 2025! - Autoescuela Villanueva","description":"CAP mercanc\u00edas y viajeros 35 horas, f\u00e1cil aparcamiento, en dos fines de semana, descansos programados con almuerzo.","robots":{"index":"index","follow":"follow","max-snippet":"max-snippet:-1","max-image-preview":"max-image-preview:large","max-video-preview":"max-video-preview:-1"},"canonical":"https:\/\/tuautoescuelaenvillanueva.es\/fr\/2025\/05\/14\/fiestas-de-villanueva-de-gallego-2025\/","og_locale":"fr_FR","og_type":"article","og_title":"\u00a1Feliz San Isidro 2025! - Autoescuela Villanueva","og_description":"CAP mercanc\u00edas y viajeros 35 horas, f\u00e1cil aparcamiento, en dos fines de semana, descansos programados con almuerzo.","og_url":"https:\/\/tuautoescuelaenvillanueva.es\/fr\/2025\/05\/14\/fiestas-de-villanueva-de-gallego-2025\/","og_site_name":"Autoescuela Villanueva","article_publisher":"https:\/\/www.facebook.com\/autoescuela.villanueva.5","article_published_time":"2025-05-14T11:27:28+00:00","og_image":[{"width":1024,"height":724,"url":"https:\/\/tuautoescuelaenvillanueva.es\/wp-content\/uploads\/2025\/05\/PROGRAMA-DE-FIESTAS-2025-1024x724-1.jpg","type":"image\/jpeg"}],"author":"JR","twitter_card":"summary_large_image","twitter_misc":{"\u00c9crit par":"JR","Dur\u00e9e de lecture estim\u00e9e":"1 minute"},"schema":{"@context":"https:\/\/schema.org","@graph":[{"@type":"Article","@id":"https:\/\/tuautoescuelaenvillanueva.es\/2025\/05\/14\/fiestas-de-villanueva-de-gallego-2025\/#article","isPartOf":{"@id":"https:\/\/tuautoescuelaenvillanueva.es\/2025\/05\/14\/fiestas-de-villanueva-de-gallego-2025\/"},"author":{"name":"JR","@id":"https:\/\/tuautoescuelaenvillanueva.es\/#\/schema\/person\/cf7843d1048ddd949eea46eaa36be442"},"headline":"\u00a1Feliz San Isidro 2025!","datePublished":"2025-05-14T11:27:28+00:00","mainEntityOfPage":{"@id":"https:\/\/tuautoescuelaenvillanueva.es\/2025\/05\/14\/fiestas-de-villanueva-de-gallego-2025\/"},"wordCount":40,"publisher":{"@id":"https:\/\/tuautoescuelaenvillanueva.es\/#organization"},"image":{"@id":"https:\/\/tuautoescuelaenvillanueva.es\/2025\/05\/14\/fiestas-de-villanueva-de-gallego-2025\/#primaryimage"},"thumbnailUrl":"https:\/\/tuautoescuelaenvillanueva.es\/wp-content\/uploads\/2025\/05\/PROGRAMA-DE-FIESTAS-2025-1024x724-1.jpg","articleSection":["Sin categor\u00eda"],"inLanguage":"fr-FR"},{"@type":"WebPage","@id":"https:\/\/tuautoescuelaenvillanueva.es\/2025\/05\/14\/fiestas-de-villanueva-de-gallego-2025\/","url":"https:\/\/tuautoescuelaenvillanueva.es\/2025\/05\/14\/fiestas-de-villanueva-de-gallego-2025\/","name":"\u00a1Feliz San Isidro 2025! - Autoescuela Villanueva","isPartOf":{"@id":"https:\/\/tuautoescuelaenvillanueva.es\/#website"},"primaryImageOfPage":{"@id":"https:\/\/tuautoescuelaenvillanueva.es\/2025\/05\/14\/fiestas-de-villanueva-de-gallego-2025\/#primaryimage"},"image":{"@id":"https:\/\/tuautoescuelaenvillanueva.es\/2025\/05\/14\/fiestas-de-villanueva-de-gallego-2025\/#primaryimage"},"thumbnailUrl":"https:\/\/tuautoescuelaenvillanueva.es\/wp-content\/uploads\/2025\/05\/PROGRAMA-DE-FIESTAS-2025-1024x724-1.jpg","datePublished":"2025-05-14T11:27:28+00:00","description":"CAP mercanc\u00edas y viajeros 35 horas, f\u00e1cil aparcamiento, en dos fines de semana, descansos programados con almuerzo.","breadcrumb":{"@id":"https:\/\/tuautoescuelaenvillanueva.es\/2025\/05\/14\/fiestas-de-villanueva-de-gallego-2025\/#breadcrumb"},"inLanguage":"fr-FR","potentialAction":[{"@type":"ReadAction","target":["https:\/\/tuautoescuelaenvillanueva.es\/2025\/05\/14\/fiestas-de-villanueva-de-gallego-2025\/"]}]},{"@type":"ImageObject","inLanguage":"fr-FR","@id":"https:\/\/tuautoescuelaenvillanueva.es\/2025\/05\/14\/fiestas-de-villanueva-de-gallego-2025\/#primaryimage","url":"https:\/\/tuautoescuelaenvillanueva.es\/wp-content\/uploads\/2025\/05\/PROGRAMA-DE-FIESTAS-2025-1024x724-1.jpg","contentUrl":"https:\/\/tuautoescuelaenvillanueva.es\/wp-content\/uploads\/2025\/05\/PROGRAMA-DE-FIESTAS-2025-1024x724-1.jpg","width":1024,"height":724,"caption":"programa fiestas Villanueva de G\u00e1llego"},{"@type":"BreadcrumbList","@id":"https:\/\/tuautoescuelaenvillanueva.es\/2025\/05\/14\/fiestas-de-villanueva-de-gallego-2025\/#breadcrumb","itemListElement":[{"@type":"ListItem","position":1,"name":"Portada","item":"https:\/\/tuautoescuelaenvillanueva.es\/"},{"@type":"ListItem","position":2,"name":"\u00a1Feliz San Isidro 2025!"}]},{"@type":"WebSite","@id":"https:\/\/tuautoescuelaenvillanueva.es\/#website","url":"https:\/\/tuautoescuelaenvillanueva.es\/","name":"Auto-\u00e9cole Villanueva","description":"Autoescuela en VIllanueva de G\u00e1llego | Permisos de conducir autom\u00f3vil en VIllanueva de G\u00e1llego","publisher":{"@id":"https:\/\/tuautoescuelaenvillanueva.es\/#organization"},"potentialAction":[{"@type":"SearchAction","target":{"@type":"EntryPoint","urlTemplate":"https:\/\/tuautoescuelaenvillanueva.es\/?s={search_term_string}"},"query-input":{"@type":"PropertyValueSpecification","valueRequired":true,"valueName":"search_term_string"}}],"inLanguage":"fr-FR"},{"@type":"Organization","@id":"https:\/\/tuautoescuelaenvillanueva.es\/#organization","name":"Auto-\u00e9cole Villanueva","url":"https:\/\/tuautoescuelaenvillanueva.es\/","logo":{"@type":"ImageObject","inLanguage":"fr-FR","@id":"https:\/\/tuautoescuelaenvillanueva.es\/#\/schema\/logo\/image\/","url":"https:\/\/tuautoescuelaenvillanueva.es\/wp-content\/uploads\/2018\/10\/logo-400.jpg","contentUrl":"https:\/\/tuautoescuelaenvillanueva.es\/wp-content\/uploads\/2018\/10\/logo-400.jpg","width":416,"height":121,"caption":"Autoescuela Villanueva"},"image":{"@id":"https:\/\/tuautoescuelaenvillanueva.es\/#\/schema\/logo\/image\/"},"sameAs":["https:\/\/www.facebook.com\/autoescuela.villanueva.5"]},{"@type":"Person","@id":"https:\/\/tuautoescuelaenvillanueva.es\/#\/schema\/person\/cf7843d1048ddd949eea46eaa36be442","name":"JR","image":{"@type":"ImageObject","inLanguage":"fr-FR","@id":"https:\/\/secure.gravatar.com\/avatar\/5c1c2780c13bd7bd2b05ee4988a4de4880089a33a1af11a260d62fca19c9d631?s=96&d=mm&r=g","url":"https:\/\/secure.gravatar.com\/avatar\/5c1c2780c13bd7bd2b05ee4988a4de4880089a33a1af11a260d62fca19c9d631?s=96&d=mm&r=g","contentUrl":"https:\/\/secure.gravatar.com\/avatar\/5c1c2780c13bd7bd2b05ee4988a4de4880089a33a1af11a260d62fca19c9d631?s=96&d=mm&r=g","caption":"JR"}}]}},"_links":{"self":[{"href":"https:\/\/tuautoescuelaenvillanueva.es\/fr\/wp-json\/wp\/v2\/posts\/881","targetHints":{"allow":["GET"]}}],"collection":[{"href":"https:\/\/tuautoescuelaenvillanueva.es\/fr\/wp-json\/wp\/v2\/posts"}],"about":[{"href":"https:\/\/tuautoescuelaenvillanueva.es\/fr\/wp-json\/wp\/v2\/types\/post"}],"author":[{"embeddable":true,"href":"https:\/\/tuautoescuelaenvillanueva.es\/fr\/wp-json\/wp\/v2\/users\/8"}],"replies":[{"embeddable":true,"href":"https:\/\/tuautoescuelaenvillanueva.es\/fr\/wp-json\/wp\/v2\/comments?post=881"}],"version-history":[{"count":1,"href":"https:\/\/tuautoescuelaenvillanueva.es\/fr\/wp-json\/wp\/v2\/posts\/881\/revisions"}],"predecessor-version":[{"id":882,"href":"https:\/\/tuautoescuelaenvillanueva.es\/fr\/wp-json\/wp\/v2\/posts\/881\/revisions\/882"}],"wp:featuredmedia":[{"embeddable":true,"href":"https:\/\/tuautoescuelaenvillanueva.es\/fr\/wp-json\/wp\/v2\/media\/883"}],"wp:attachment":[{"href":"https:\/\/tuautoescuelaenvillanueva.es\/fr\/wp-json\/wp\/v2\/media?parent=881"}],"wp:term":[{"taxonomy":"category","embeddable":true,"href":"https:\/\/tuautoescuelaenvillanueva.es\/fr\/wp-json\/wp\/v2\/categories?post=881"},{"taxonomy":"post_tag","embeddable":true,"href":"https:\/\/tuautoescuelaenvillanueva.es\/fr\/wp-json\/wp\/v2\/tags?post=881"}],"curies":[{"name":"wp","href":"https:\/\/api.w.org\/{rel}","templated":true}]}}